{"id":78,"date":"2007-10-28T19:16:29","date_gmt":"2007-10-28T17:16:29","guid":{"rendered":"http:\/\/www.mein-einstein.de\/wordpress\/2007\/10\/28\/sonntags-beim-gassi-gehen\/"},"modified":"2007-10-28T19:32:06","modified_gmt":"2007-10-28T18:32:06","slug":"sonntags-beim-gassi-gehen","status":"publish","type":"post","link":"http:\/\/www.mein-einstein.de\/wordpress\/2007\/10\/28\/sonntags-beim-gassi-gehen\/","title":{"rendered":"Sonntags beim Gassi gehen"},"content":{"rendered":"<p>In Lichtenstein gibt es in der <a href=\"http:\/\/maps.google.de\/maps?f=q&amp;hl=de&amp;sll=50.751399,12.626472&amp;sspn=0.007711,0.023518&amp;ie=UTF8&amp;ll=50.750213,12.636187&amp;spn=0.001928,0.005879&amp;t=k&amp;z=18&amp;iwloc=addr&amp;om=0\" title=\"R\u00f6dlitzer Str. 3\" target=\"_blank\">R\u00f6dlitzer Str. 3<\/a> ein einsturzgef\u00e4hrdetes Haus. Dort ist seit Anfang Juni die Strasse gesperrt und seitdem das Dach eingest\u00fcrzt ist, kann man nichtmal mehr als Fussg\u00e4nger durch.<\/p>\n<p><img decoding=\"async\" src=\"http:\/\/www.mein-einstein.de\/wordpress\/wp-content\/uploads\/2007\/10\/img_0728_blog.jpg\" alt=\"Dachschaden\" \/><\/p>\n<p>Wie man aber unten sieht, wohnt noch jemand in diesem Haus. Bin mal gespannt wie das weiter geht, Ende Oktober ist Termin bis dahin soll die Ruine abgerissen sein.<\/p>\n<p><img decoding=\"async\" src=\"http:\/\/www.mein-einstein.de\/wordpress\/wp-content\/uploads\/2007\/10\/img_0729_blog.jpg\" alt=\"Bewohnt mit Dachschaden\" \/><\/p>\n<p>Dann haben wir noch in der <a href=\"http:\/\/maps.google.de\/maps?f=q&amp;hl=de&amp;sll=50.750213,12.636187&amp;sspn=0.00203,0.005879&amp;ie=UTF8&amp;ll=50.755878,12.633145&amp;spn=0.002029,0.005879&amp;t=k&amp;z=18&amp;om=0\" target=\"_blank\">Badergasse<\/a> zwei der Riesenfiguren des <a href=\"http:\/\/www.helmnot.com\/\" title=\"Helmnot-Theater\" target=\"_blank\">Helmnot-Theater<\/a> getroffen.<\/p>\n<p><img decoding=\"async\" src=\"http:\/\/www.mein-einstein.de\/wordpress\/wp-content\/uploads\/2007\/10\/img_0731_blog.jpg\" alt=\"Das Helmnoth-Theater unterwegs\" \/><\/p>\n","protected":false},"excerpt":{"rendered":"<p>In Lichtenstein gibt es in der R\u00f6dlitzer Str. 3 ein einsturzgef\u00e4hrdetes Haus. Dort ist seit Anfang Juni die Strasse gesperrt und seitdem das Dach eingest\u00fcrzt ist, kann man nichtmal mehr als Fussg\u00e4nger durch. Wie man aber unten sieht, wohnt noch &hellip; <a href=\"http:\/\/www.mein-einstein.de\/wordpress\/2007\/10\/28\/sonntags-beim-gassi-gehen\/\">Weiterlesen <span class=\"meta-nav\">&rarr;<\/span><\/a><\/p>\n","protected":false},"author":3,"featured_media":0,"comment_status":"open","ping_status":"open","sticky":false,"template":"","format":"standard","meta":{"footnotes":""},"categories":[9],"tags":[],"class_list":["post-78","post","type-post","status-publish","format-standard","hentry","category-gassi"],"_links":{"self":[{"href":"http:\/\/www.mein-einstein.de\/wordpress\/wp-json\/wp\/v2\/posts\/78","targetHints":{"allow":["GET"]}}],"collection":[{"href":"http:\/\/www.mein-einstein.de\/wordpress\/wp-json\/wp\/v2\/posts"}],"about":[{"href":"http:\/\/www.mein-einstein.de\/wordpress\/wp-json\/wp\/v2\/types\/post"}],"author":[{"embeddable":true,"href":"http:\/\/www.mein-einstein.de\/wordpress\/wp-json\/wp\/v2\/users\/3"}],"replies":[{"embeddable":true,"href":"http:\/\/www.mein-einstein.de\/wordpress\/wp-json\/wp\/v2\/comments?post=78"}],"version-history":[{"count":0,"href":"http:\/\/www.mein-einstein.de\/wordpress\/wp-json\/wp\/v2\/posts\/78\/revisions"}],"wp:attachment":[{"href":"http:\/\/www.mein-einstein.de\/wordpress\/wp-json\/wp\/v2\/media?parent=78"}],"wp:term":[{"taxonomy":"category","embeddable":true,"href":"http:\/\/www.mein-einstein.de\/wordpress\/wp-json\/wp\/v2\/categories?post=78"},{"taxonomy":"post_tag","embeddable":true,"href":"http:\/\/www.mein-einstein.de\/wordpress\/wp-json\/wp\/v2\/tags?post=78"}],"curies":[{"name":"wp","href":"https:\/\/api.w.org\/{rel}","templated":true}]}}