{"id":266,"date":"2009-04-12T11:20:19","date_gmt":"2009-04-12T09:20:19","guid":{"rendered":"http:\/\/www.mein-einstein.de\/wordpress\/?p=266"},"modified":"2009-04-13T11:39:46","modified_gmt":"2009-04-13T09:39:46","slug":"test-bestanden","status":"publish","type":"post","link":"http:\/\/www.mein-einstein.de\/wordpress\/2009\/04\/12\/test-bestanden\/","title":{"rendered":"Test bestanden!"},"content":{"rendered":"<p>Am kommenden Dienstag gehe ich nach 9 Wochen wieder zur Arbeit.<\/p>\n<p>Und da ich meinen kleinen Einstein kenne, musste ich heute mal testen, ob das auch noch mit dem Alleinsein klappt. Also habe ich trotz Ostersonntag den Wecker auf um 5 Uhr gestellt.<\/p>\n<p>Heute Morgen bin ich dann ganz normal aufgestanden, ins Bad und habe, als ich fertig war, Einstein gerufen. Er stand schon auf halber Treppe und schaute was ich nun mache. Dann sind wir raus und die kurze Morgenrunde gegangen.<\/p>\n<p>Jetzt kam das erste Spannende. Wenn wir morgens vor der Arbeit zur\u00fcckkommen, sprintet Einstein sobald die Wohnungst\u00fcr offen ist nach oben und wird nicht mehr gesehen. Oben angekommen, schlie\u00dfe ich die T\u00fcr auf, Einstein schaut mich an, ich sag \u00bbAb!\u00ab und Einstein sprintete die Treppe hoch. Toll.<\/p>\n<p>Anschlie\u00dfend habe ich mich noch paar Minuten an den Mac gesetzt. Pl\u00f6tzlich h\u00f6rte ich wie hinter mir jemand die Treppe runterkam und es sich neben mir auf seinem Frosch bequem machen wollte. Aber nicht mit mir! Mein \u00bbAber ab!\u00ab lies ihn mit eingezogenen Schwanz wieder abtraben. Er wusste ganz genau was er falsch gemacht hatte, denn seine Schwanzspitze kam fast vorne an seiner Nase wieder raus.<\/p>\n<p>Dann habe ich die Wohnung verlassen, mich drau\u00dfen auf die Treppe gesetzt und gelauscht. Nix, kein Laut in der Wohnung. Ich habe dann noch abgewartet bis das Licht im Hausflur ausging und bin dann wieder rein. Eigentlich hatte ich erwartet, dass er nun hinter der T\u00fcr steht und wartet, aber nein, er war weit und breit nicht zu sehen. Als ich wieder hoch ins Schlafzimmer kam, war da ein sehr erstaunter Einstein, er konnte es erst garnicht fassen, dass ich wieder da bin. Daf\u00fcr war die Freude anschliessend umso gr\u00f6sser. Also \u2013 Test bestanden!<\/p>\n<p>Ich bin \u00fcberzeugt, dass es am Dienstag genauso gut klappt \u2026<\/p>\n<div class=\"zemanta-pixie\"><img decoding=\"async\" class=\"zemanta-pixie-img\" src=\"http:\/\/img.zemanta.com\/pixy.gif?x-id=de4f060f-f105-8564-bdea-27dbec9018e6\" alt=\"\" \/><\/div>\n","protected":false},"excerpt":{"rendered":"<p>Am kommenden Dienstag gehe ich nach 9 Wochen wieder zur Arbeit. Und da ich meinen kleinen Einstein kenne, musste ich heute mal testen, ob das auch noch mit dem Alleinsein klappt. Also habe ich trotz Ostersonntag den Wecker auf um &hellip; <a href=\"http:\/\/www.mein-einstein.de\/wordpress\/2009\/04\/12\/test-bestanden\/\">Weiterlesen <span class=\"meta-nav\">&rarr;<\/span><\/a><\/p>\n","protected":false},"author":3,"featured_media":0,"comment_status":"open","ping_status":"open","sticky":false,"template":"","format":"standard","meta":{"footnotes":""},"categories":[5],"tags":[],"class_list":["post-266","post","type-post","status-publish","format-standard","hentry","category-tagesablauf"],"_links":{"self":[{"href":"http:\/\/www.mein-einstein.de\/wordpress\/wp-json\/wp\/v2\/posts\/266","targetHints":{"allow":["GET"]}}],"collection":[{"href":"http:\/\/www.mein-einstein.de\/wordpress\/wp-json\/wp\/v2\/posts"}],"about":[{"href":"http:\/\/www.mein-einstein.de\/wordpress\/wp-json\/wp\/v2\/types\/post"}],"author":[{"embeddable":true,"href":"http:\/\/www.mein-einstein.de\/wordpress\/wp-json\/wp\/v2\/users\/3"}],"replies":[{"embeddable":true,"href":"http:\/\/www.mein-einstein.de\/wordpress\/wp-json\/wp\/v2\/comments?post=266"}],"version-history":[{"count":0,"href":"http:\/\/www.mein-einstein.de\/wordpress\/wp-json\/wp\/v2\/posts\/266\/revisions"}],"wp:attachment":[{"href":"http:\/\/www.mein-einstein.de\/wordpress\/wp-json\/wp\/v2\/media?parent=266"}],"wp:term":[{"taxonomy":"category","embeddable":true,"href":"http:\/\/www.mein-einstein.de\/wordpress\/wp-json\/wp\/v2\/categories?post=266"},{"taxonomy":"post_tag","embeddable":true,"href":"http:\/\/www.mein-einstein.de\/wordpress\/wp-json\/wp\/v2\/tags?post=266"}],"curies":[{"name":"wp","href":"https:\/\/api.w.org\/{rel}","templated":true}]}}