{"id":172,"date":"2008-07-15T19:33:20","date_gmt":"2008-07-15T17:33:20","guid":{"rendered":"http:\/\/www.mein-einstein.de\/wordpress\/?p=172"},"modified":"2008-07-15T19:33:20","modified_gmt":"2008-07-15T17:33:20","slug":"gespraeche-uebern-gartenzaun","status":"publish","type":"post","link":"http:\/\/www.mein-einstein.de\/wordpress\/2008\/07\/15\/gespraeche-uebern-gartenzaun\/","title":{"rendered":"Gespr\u00e4che \u00fcbern Gartenzaun"},"content":{"rendered":"<p>Eben in der Kleingartenanlage \u00bbZum U-Boot\u00ab fragte mich eine Frau: \u00bbDarf ich Sie mal was fragen?\u00ab Ich dachte nun kommt wieder die Frage was das f\u00fcr ein Hund sei oder ob da ein Spitz mit drin ist oder sowas in der Richtung.<\/p>\n<p>Nein, sie wollte wissen was heute f\u00fcr ein Tag ist. Als ich ihr best\u00e4tigte das Dienstag ist, wollte sie noch wissen ob es richtig ist, das es der 15. ist. Auch das bejahte ich Wahrheitsgem\u00e4ss. Auf meinen Nachsatz, dass wir Juli haben, reagierte sie etwas ver\u00e4rgert und \u00e4usserte das sie das selber weiss.<\/p>\n<p>Da ist man schonmal freundlich \u2026<\/p>\n","protected":false},"excerpt":{"rendered":"<p>Eben in der Kleingartenanlage \u00bbZum U-Boot\u00ab fragte mich eine Frau: \u00bbDarf ich Sie mal was fragen?\u00ab Ich dachte nun kommt wieder die Frage was das f\u00fcr ein Hund sei oder ob da ein Spitz mit drin ist oder sowas in &hellip; <a href=\"http:\/\/www.mein-einstein.de\/wordpress\/2008\/07\/15\/gespraeche-uebern-gartenzaun\/\">Weiterlesen <span class=\"meta-nav\">&rarr;<\/span><\/a><\/p>\n","protected":false},"author":3,"featured_media":0,"comment_status":"open","ping_status":"open","sticky":false,"template":"","format":"standard","meta":{"footnotes":""},"categories":[9],"tags":[],"class_list":["post-172","post","type-post","status-publish","format-standard","hentry","category-gassi"],"_links":{"self":[{"href":"http:\/\/www.mein-einstein.de\/wordpress\/wp-json\/wp\/v2\/posts\/172","targetHints":{"allow":["GET"]}}],"collection":[{"href":"http:\/\/www.mein-einstein.de\/wordpress\/wp-json\/wp\/v2\/posts"}],"about":[{"href":"http:\/\/www.mein-einstein.de\/wordpress\/wp-json\/wp\/v2\/types\/post"}],"author":[{"embeddable":true,"href":"http:\/\/www.mein-einstein.de\/wordpress\/wp-json\/wp\/v2\/users\/3"}],"replies":[{"embeddable":true,"href":"http:\/\/www.mein-einstein.de\/wordpress\/wp-json\/wp\/v2\/comments?post=172"}],"version-history":[{"count":0,"href":"http:\/\/www.mein-einstein.de\/wordpress\/wp-json\/wp\/v2\/posts\/172\/revisions"}],"wp:attachment":[{"href":"http:\/\/www.mein-einstein.de\/wordpress\/wp-json\/wp\/v2\/media?parent=172"}],"wp:term":[{"taxonomy":"category","embeddable":true,"href":"http:\/\/www.mein-einstein.de\/wordpress\/wp-json\/wp\/v2\/categories?post=172"},{"taxonomy":"post_tag","embeddable":true,"href":"http:\/\/www.mein-einstein.de\/wordpress\/wp-json\/wp\/v2\/tags?post=172"}],"curies":[{"name":"wp","href":"https:\/\/api.w.org\/{rel}","templated":true}]}}