{"id":16,"date":"2007-06-28T17:39:23","date_gmt":"2007-06-28T15:39:23","guid":{"rendered":"http:\/\/www.mein-einstein.de\/wordpress\/2007\/06\/28\/der-erste-erfolg\/"},"modified":"2007-06-29T07:41:53","modified_gmt":"2007-06-29T05:41:53","slug":"der-erste-erfolg","status":"publish","type":"post","link":"http:\/\/www.mein-einstein.de\/wordpress\/2007\/06\/28\/der-erste-erfolg\/","title":{"rendered":"Der erste Erfolg!"},"content":{"rendered":"<p>Wie Einstein schon <a href=\"http:\/\/www.mein-einstein.de\/wordpress\/2007\/06\/26\/ausstellungssonntag\/\" target=\"_blank\">berichtete<\/a>, war ich am Sonntag mit ihm auf seiner ersten Ausstellung.<\/p>\n<p>Irgendwie war das schon aufregend als ich mit ihm da in der Ausstellungshalle kam. \u00dcberall Hunde aller Gr\u00f6ssen. Nat\u00fcrlich bellte er sie erstmal alle an und das machte mich mehr als nerv\u00f6s. Zum Gl\u00fcck hatte ich Alex mit die die Anmeldung der beiden Hunde \u00fcbernahm.<\/p>\n<p>Als wir dann an der Reihe waren, war es schon ganz sch\u00f6n spannend f\u00fcr mich. Wird er als Phal\u00e9ne gerichtet oder doch nur als Papillon. Unser Gl\u00fcck war, das wir einen Richter hatten der fr\u00fcher selbst Papillons z\u00fcchtete. Ich muss sagen er war sehr interessiert an meinem Hund und nahm ihn genau unter die Lupe.<\/p>\n<p>Ich kann nicht beschreiben wie mir war, als er mir die Hand sch\u00fcttelte und sagte, das ich da einen sehr sch\u00f6nen Phal\u00e9ne habe und das er gleich eine Klasse \u00fcbersprungen und nicht in der J\u00fcngsten-, sondern in der Jugendklasse gerichtet wurde. Es ist ein sehr gut entwickelter, sehr kr\u00e4ftiger und sch\u00f6ner Hund.<\/p>\n<p>Einstein bekam die Wertnote <strong>SG1<\/strong> (Sehr gut 1), was absolute Bestnote ist!<\/p>\n<p>Die komplette Beurteilung lautet folgenderma\u00dfen:<\/p>\n<p>\u00bb<strong><em>Ein typvoller Vertreter seiner Rasse der durch seine Muskulatur  und Statur besticht! Gl\u00e4nzendes, langes Haarkleid, sehr gepflegt, gut gemusterter Oberkopf mit konisch zulaufenden Kiefern,  vollzahnig Schere, Auge rund, dunkel, gut eingebettet, Vorder- und Hinterhand gerade, trocken, gut befedert, kr\u00e4ftige Keulen mit guten Hosen! R\u00fccken fest und gerade, gut gezogene Bauchlinie! Hoch angesetzt und \u00fcppig befederte Rute, schwungvoll getragen. Hoden vorhanden!<\/em><\/strong>\u00ab<\/p>\n<p>Was will ich eigentlich mehr? Das mein Einstein im Ehrenring unter den ganzen grossen Hunden unterging ist auch egal, das n\u00e4chste Mal wird er auch den Ehrenring abr\u00e4umen!<\/p>\n<p><img decoding=\"async\" src=\"http:\/\/www.mein-einstein.de\/wordpress\/wp-content\/uploads\/2007\/06\/dscn5278.jpg\" alt=\"Der erste Erfolg - der erste Pokal\" \/><\/p>\n","protected":false},"excerpt":{"rendered":"<p>Wie Einstein schon berichtete, war ich am Sonntag mit ihm auf seiner ersten Ausstellung. Irgendwie war das schon aufregend als ich mit ihm da in der Ausstellungshalle kam. \u00dcberall Hunde aller Gr\u00f6ssen. Nat\u00fcrlich bellte er sie erstmal alle an und &hellip; <a href=\"http:\/\/www.mein-einstein.de\/wordpress\/2007\/06\/28\/der-erste-erfolg\/\">Weiterlesen <span class=\"meta-nav\">&rarr;<\/span><\/a><\/p>\n","protected":false},"author":3,"featured_media":0,"comment_status":"open","ping_status":"open","sticky":false,"template":"","format":"standard","meta":{"footnotes":""},"categories":[7,8],"tags":[],"class_list":["post-16","post","type-post","status-publish","format-standard","hentry","category-ausstellungen","category-erfolge"],"_links":{"self":[{"href":"http:\/\/www.mein-einstein.de\/wordpress\/wp-json\/wp\/v2\/posts\/16","targetHints":{"allow":["GET"]}}],"collection":[{"href":"http:\/\/www.mein-einstein.de\/wordpress\/wp-json\/wp\/v2\/posts"}],"about":[{"href":"http:\/\/www.mein-einstein.de\/wordpress\/wp-json\/wp\/v2\/types\/post"}],"author":[{"embeddable":true,"href":"http:\/\/www.mein-einstein.de\/wordpress\/wp-json\/wp\/v2\/users\/3"}],"replies":[{"embeddable":true,"href":"http:\/\/www.mein-einstein.de\/wordpress\/wp-json\/wp\/v2\/comments?post=16"}],"version-history":[{"count":0,"href":"http:\/\/www.mein-einstein.de\/wordpress\/wp-json\/wp\/v2\/posts\/16\/revisions"}],"wp:attachment":[{"href":"http:\/\/www.mein-einstein.de\/wordpress\/wp-json\/wp\/v2\/media?parent=16"}],"wp:term":[{"taxonomy":"category","embeddable":true,"href":"http:\/\/www.mein-einstein.de\/wordpress\/wp-json\/wp\/v2\/categories?post=16"},{"taxonomy":"post_tag","embeddable":true,"href":"http:\/\/www.mein-einstein.de\/wordpress\/wp-json\/wp\/v2\/tags?post=16"}],"curies":[{"name":"wp","href":"https:\/\/api.w.org\/{rel}","templated":true}]}}