{"id":143,"date":"2008-04-06T20:16:16","date_gmt":"2008-04-06T18:16:16","guid":{"rendered":"http:\/\/www.mein-einstein.de\/wordpress\/?p=143"},"modified":"2008-04-06T20:18:16","modified_gmt":"2008-04-06T18:18:16","slug":"der-kleine","status":"publish","type":"post","link":"http:\/\/www.mein-einstein.de\/wordpress\/2008\/04\/06\/der-kleine\/","title":{"rendered":"Der Kleine"},"content":{"rendered":"<p>Heute war ein total verregneter Tag. Es hat sogar ab und zu geschneit, es war also richtiges <span style=\"text-decoration: line-through;\">Hundewetter<\/span> Mistwetter.<\/p>\n<p>Umso froher war ich, als wir dann doch noch raus sind und es relativ sch\u00f6nes Wetter war. Wir sind in Richtung unserer Stammrunde, also in Richtung Bergerpark gegangen. Als erstes haben wir den fetten Dackel getroffen der mich immer anbellt. Ich wei\u00df auch nicht was der hat, macht hund denn das, st\u00e4ndig andere R\u00fcden anbellen?<\/p>\n<p>Wir sind dann die grosse Runde um den Teich gegangen.<\/p>\n<p><iframe loading=\"lazy\" width=\"400\" height=\"300\" frameborder=\"0\" scrolling=\"no\" marginheight=\"0\" marginwidth=\"0\" src=\"http:\/\/maps.google.de\/maps?f=q&amp;hl=de&amp;geocode=&amp;q=bergerpark,+09350+lichtenstein&amp;ie=UTF8&amp;t=k&amp;s=AARTsJp682eqNxoD0U5e-F6_JH11Igrrqg&amp;ll=50.75173,12.622411&amp;spn=0.002036,0.004292&amp;z=17&amp;iwloc=A&amp;output=embed\"><\/iframe><br \/><small><a href=\"http:\/\/maps.google.de\/maps?f=q&amp;hl=de&amp;geocode=&amp;q=bergerpark,+09350+lichtenstein&amp;ie=UTF8&amp;t=k&amp;ll=50.75173,12.622411&amp;spn=0.002036,0.004292&amp;z=17&amp;iwloc=A&amp;source=embed\" style=\"color:#0000FF;text-align:left\">Gr\u00f6\u00dfere Kartenansicht<\/a><\/small><\/p>\n<p>Am Ende der Runde kam uns dann so ein kleiner Floh von Hund ohne Leine entgegen und wollte doch tats\u00e4chlich mit mir spielen. Wie mein Papa in Erfahrung brachte, war der Wurm ein Junge, 5 Monate alt und ein Yorkshire-Mischling. Ich wurde dann auch von der Leine losgemacht und durfte mit dem Winzling spielen. Ich habe ihn ganz sch\u00f6n durch die Gegend gejagt. Unter anderem ging es durch Pf\u00fctzen und auch im Schlamm sind wir rumgeh\u00fcpft. Hat mir ganz sch\u00f6n viel Spass gemacht und dem Kleinen sicherlich auch.<\/p>\n<p>Was ich mich aber immernoch frage, ist, warum die ganzen fremden Leute da um uns rumgestanden und geschaut haben. Ich hab doch nur mit dem Mini gespielt.<\/p>\n<p>Schade das die Mama und der Papa von der kleinen Wurst dann weg mussten, ich h\u00e4tte es schon noch ein bissl ausgehalten. Auf dem Weg nach Hause musste ich dann erfahren, dass ich in die Badewanne soll. Bei der ganzen Rumtollerei bin ich ein bisschen dreckig geworden, aber deshalb gleich baden? Ich hatte dann Gl\u00fcck, wurde nur abgetrocknet und zweimal geb\u00fcrstet, denke mal B\u00fcrsten ist das kleinere \u00dcbel was ich da abbekommen habe.<\/p>\n","protected":false},"excerpt":{"rendered":"<p>Heute war ein total verregneter Tag. Es hat sogar ab und zu geschneit, es war also richtiges Hundewetter Mistwetter. Umso froher war ich, als wir dann doch noch raus sind und es relativ sch\u00f6nes Wetter war. Wir sind in Richtung &hellip; <a href=\"http:\/\/www.mein-einstein.de\/wordpress\/2008\/04\/06\/der-kleine\/\">Weiterlesen <span class=\"meta-nav\">&rarr;<\/span><\/a><\/p>\n","protected":false},"author":4,"featured_media":0,"comment_status":"open","ping_status":"open","sticky":false,"template":"","format":"standard","meta":{"footnotes":""},"categories":[9],"tags":[],"class_list":["post-143","post","type-post","status-publish","format-standard","hentry","category-gassi"],"_links":{"self":[{"href":"http:\/\/www.mein-einstein.de\/wordpress\/wp-json\/wp\/v2\/posts\/143","targetHints":{"allow":["GET"]}}],"collection":[{"href":"http:\/\/www.mein-einstein.de\/wordpress\/wp-json\/wp\/v2\/posts"}],"about":[{"href":"http:\/\/www.mein-einstein.de\/wordpress\/wp-json\/wp\/v2\/types\/post"}],"author":[{"embeddable":true,"href":"http:\/\/www.mein-einstein.de\/wordpress\/wp-json\/wp\/v2\/users\/4"}],"replies":[{"embeddable":true,"href":"http:\/\/www.mein-einstein.de\/wordpress\/wp-json\/wp\/v2\/comments?post=143"}],"version-history":[{"count":0,"href":"http:\/\/www.mein-einstein.de\/wordpress\/wp-json\/wp\/v2\/posts\/143\/revisions"}],"wp:attachment":[{"href":"http:\/\/www.mein-einstein.de\/wordpress\/wp-json\/wp\/v2\/media?parent=143"}],"wp:term":[{"taxonomy":"category","embeddable":true,"href":"http:\/\/www.mein-einstein.de\/wordpress\/wp-json\/wp\/v2\/categories?post=143"},{"taxonomy":"post_tag","embeddable":true,"href":"http:\/\/www.mein-einstein.de\/wordpress\/wp-json\/wp\/v2\/tags?post=143"}],"curies":[{"name":"wp","href":"https:\/\/api.w.org\/{rel}","templated":true}]}}