{"id":142,"date":"2008-04-02T08:38:25","date_gmt":"2008-04-02T06:38:25","guid":{"rendered":"http:\/\/www.mein-einstein.de\/wordpress\/?p=142"},"modified":"2008-04-02T08:39:28","modified_gmt":"2008-04-02T06:39:28","slug":"plinsen","status":"publish","type":"post","link":"http:\/\/www.mein-einstein.de\/wordpress\/2008\/04\/02\/plinsen\/","title":{"rendered":"Plinsen"},"content":{"rendered":"<p>Einstein ist seit Mitte Januar jeden Tag bei seiner \u00bbTagesmutti\u00ab die ihn betreut w\u00e4hrend ich zur Arbeit bin.<\/p>\n<p>Dort hat er es gut und er f\u00fchlt sich auch sehr wohl. Ist\u00a0auch kein Wunder, dort gibt es eine alte Pudeldame, mehrere Katzen und alle kann er \u00e4rgern.<\/p>\n<p>Gestern nun gab es dort zu Mittag <a href=\"http:\/\/de.wikipedia.org\/wiki\/Plinsen\" target=\"_blank\">Plinsen<\/a>. Als Einsteins Betreuerin die zweite Plinse essen wollte, klingelte das Telefon und sie verliess zum Telefonieren das Zimmer. Als sie zur\u00fcck kam zweifelte sie an sichb selber. da die Plinse verschwunden war. Bei n\u00e4herer Betrachtung war es dann aber klar wo das Mittagessen hin verschwunden war, n\u00e4mlich in Einsteins Bauch.<\/p>\n<p>Er hate die leckere Plinse sich einfach vom Tisch genommen und gen\u00fcsslich aufgefressen. Leider war er etwas zu langsam, sodas er in flagranti erwischt wurde. Nat\u00fcrlich konnte er kein W\u00e4sserchen tr\u00fcben und tat ganz unschuldig.<\/p>\n<p>Aber geschmeckt hat es ihm \u2026<\/p>\n","protected":false},"excerpt":{"rendered":"<p>Einstein ist seit Mitte Januar jeden Tag bei seiner \u00bbTagesmutti\u00ab die ihn betreut w\u00e4hrend ich zur Arbeit bin. Dort hat er es gut und er f\u00fchlt sich auch sehr wohl. Ist\u00a0auch kein Wunder, dort gibt es eine alte Pudeldame, mehrere &hellip; <a href=\"http:\/\/www.mein-einstein.de\/wordpress\/2008\/04\/02\/plinsen\/\">Weiterlesen <span class=\"meta-nav\">&rarr;<\/span><\/a><\/p>\n","protected":false},"author":3,"featured_media":0,"comment_status":"open","ping_status":"open","sticky":false,"template":"","format":"standard","meta":{"footnotes":""},"categories":[5],"tags":[],"class_list":["post-142","post","type-post","status-publish","format-standard","hentry","category-tagesablauf"],"_links":{"self":[{"href":"http:\/\/www.mein-einstein.de\/wordpress\/wp-json\/wp\/v2\/posts\/142","targetHints":{"allow":["GET"]}}],"collection":[{"href":"http:\/\/www.mein-einstein.de\/wordpress\/wp-json\/wp\/v2\/posts"}],"about":[{"href":"http:\/\/www.mein-einstein.de\/wordpress\/wp-json\/wp\/v2\/types\/post"}],"author":[{"embeddable":true,"href":"http:\/\/www.mein-einstein.de\/wordpress\/wp-json\/wp\/v2\/users\/3"}],"replies":[{"embeddable":true,"href":"http:\/\/www.mein-einstein.de\/wordpress\/wp-json\/wp\/v2\/comments?post=142"}],"version-history":[{"count":0,"href":"http:\/\/www.mein-einstein.de\/wordpress\/wp-json\/wp\/v2\/posts\/142\/revisions"}],"wp:attachment":[{"href":"http:\/\/www.mein-einstein.de\/wordpress\/wp-json\/wp\/v2\/media?parent=142"}],"wp:term":[{"taxonomy":"category","embeddable":true,"href":"http:\/\/www.mein-einstein.de\/wordpress\/wp-json\/wp\/v2\/categories?post=142"},{"taxonomy":"post_tag","embeddable":true,"href":"http:\/\/www.mein-einstein.de\/wordpress\/wp-json\/wp\/v2\/tags?post=142"}],"curies":[{"name":"wp","href":"https:\/\/api.w.org\/{rel}","templated":true}]}}